{"id":1669,"date":"2023-03-01T16:40:36","date_gmt":"2023-03-01T15:40:36","guid":{"rendered":"https:\/\/stv-electronic.mp-wd.de\/news\/stv-fete-son-30e-anniversaire\/"},"modified":"2026-01-26T14:33:40","modified_gmt":"2026-01-26T13:33:40","slug":"stv-fete-son-30e-anniversaire","status":"publish","type":"news","link":"https:\/\/www.stv-electronic.de\/fr\/news\/stv-fete-son-30e-anniversaire\/","title":{"rendered":"STV c\u00e9l\u00e8bre son 30e anniversaire"},"content":{"rendered":"<p>[et_pb_section fb_built=\u00a0\u00bb1&Prime; _builder_version=\u00a0\u00bb4.27.0&Prime; _module_preset=\u00a0\u00bb_initial\u00a0\u00bb global_colors_info=\u00a0\u00bb{}\u00a0\u00bb theme_builder_area=\u00a0\u00bbpost_content\u00a0\u00bb][et_pb_row _builder_version=\u00a0\u00bb4.27.0&Prime; _module_preset=\u00a0\u00bb_initial\u00a0\u00bb global_colors_info=\u00a0\u00bb{}\u00a0\u00bb theme_builder_area=\u00a0\u00bbpost_content\u00a0\u00bb][et_pb_column type=\u00a0\u00bb4_4&Prime; _builder_version=\u00a0\u00bb4.27.0&Prime; _module_preset=\u00a0\u00bbdefault\u00a0\u00bb global_colors_info=\u00a0\u00bb{}\u00a0\u00bb theme_builder_area=\u00a0\u00bbpost_content\u00a0\u00bb][et_pb_heading title=\u00a0\u00bb30 ans de STV Electronic \u2013 trois d\u00e9cennies d\u2019innovation, de fiabilit\u00e9 et de partenariat\u00a0\u00bb _builder_version=\u00a0\u00bb4.27.0&Prime; _module_preset=\u00a0\u00bbdefault\u00a0\u00bb global_colors_info=\u00a0\u00bb{}\u00a0\u00bb theme_builder_area=\u00a0\u00bbpost_content\u00a0\u00bb][\/et_pb_heading][\/et_pb_column][\/et_pb_row][et_pb_row _builder_version=\u00a0\u00bb4.27.0&Prime; _module_preset=\u00a0\u00bb_initial\u00a0\u00bb custom_padding=\u00a0\u00bb0px||||false|false\u00a0\u00bb global_colors_info=\u00a0\u00bb{}\u00a0\u00bb theme_builder_area=\u00a0\u00bbpost_content\u00a0\u00bb][et_pb_column type=\u00a0\u00bb4_4&Prime; _builder_version=\u00a0\u00bb4.27.0&Prime; _module_preset=\u00a0\u00bbdefault\u00a0\u00bb global_colors_info=\u00a0\u00bb{}\u00a0\u00bb theme_builder_area=\u00a0\u00bbpost_content\u00a0\u00bb][et_pb_text _builder_version=\u00a0\u00bb4.27.0&Prime; _module_preset=\u00a0\u00bb_initial\u00a0\u00bb global_colors_info=\u00a0\u00bb{%22gcid-1dd4c2ea-af8f-43c2-bae3-f5fb5c6d228b%22:%91%22text_text_color%22%93}\u00a0\u00bb theme_builder_area=\u00a0\u00bbpost_content\u00a0\u00bb]<\/p>\n<p style=\"text-align: left;\"><strong>STV Electronic \u00e9crit une histoire \u00e0 succ\u00e8s depuis 1993. Ce qui a commenc\u00e9 comme une petite \u00e9quipe passionn\u00e9e par la technologie est devenu aujourd&rsquo;hui un sp\u00e9cialiste de taille moyenne des solutions \u00e9lectroniques et d&rsquo;automatisation, avec une vision claire, une excellence technique et une foi in\u00e9branlable dans la qualit\u00e9 \u00ab&nbsp;Made in Germany&nbsp;\u00bb. <\/strong><\/p>\n<p>[\/et_pb_text][\/et_pb_column][\/et_pb_row][et_pb_row _builder_version=\u00a0\u00bb4.27.0&Prime; _module_preset=\u00a0\u00bb_initial\u00a0\u00bb global_colors_info=\u00a0\u00bb{}\u00a0\u00bb theme_builder_area=\u00a0\u00bbpost_content\u00a0\u00bb][et_pb_column type=\u00a0\u00bb4_4&Prime; _builder_version=\u00a0\u00bb4.27.0&Prime; _module_preset=\u00a0\u00bbdefault\u00a0\u00bb global_colors_info=\u00a0\u00bb{}\u00a0\u00bb theme_builder_area=\u00a0\u00bbpost_content\u00a0\u00bb][et_pb_heading title=\u00a0\u00bbDe l\u2019id\u00e9e de la fondation au partenaire technologique\u00a0\u00bb _builder_version=\u00a0\u00bb4.27.0&Prime; _module_preset=\u00a0\u00bbdefault\u00a0\u00bb title_level=\u00a0\u00bbh2&Prime; custom_padding=\u00a0\u00bb20px||||false|false\u00a0\u00bb global_colors_info=\u00a0\u00bb{}\u00a0\u00bb theme_builder_area=\u00a0\u00bbpost_content\u00a0\u00bb][\/et_pb_heading][et_pb_text _builder_version=\u00a0\u00bb4.27.0&Prime; _module_preset=\u00a0\u00bb_initial\u00a0\u00bb text_orientation=\u00a0\u00bbleft\u00a0\u00bb global_colors_info=\u00a0\u00bb{%22gcid-1dd4c2ea-af8f-43c2-bae3-f5fb5c6d228b%22:%91%22text_text_color%22%93}\u00a0\u00bb theme_builder_area=\u00a0\u00bbpost_content\u00a0\u00bb]<\/p>\n<p>Les d\u00e9buts remontent \u00e0 plus de 30 ans \u2014 avec la fondation en 1993, STV Electronic s\u2019est lanc\u00e9e dans un avenir plein de d\u00e9fis et de possibilit\u00e9s. Depuis, l\u2019entreprise n\u2019a cess\u00e9 de se d\u00e9velopper&nbsp;: avec une demande croissante et un savoir-faire grandissant, l\u2019inscription formelle au registre du commerce du tribunal d\u2019instance de Bielefeld a eu lieu en 1997. <\/p>\n<p>Aujourd\u2019hui, STV Electronic op\u00e8re depuis son si\u00e8ge dans la zone industrielle Hellweg \u00e0 Schlo\u00df Holte-Stukenbrock et reste fid\u00e8le \u00e0 son site d\u2019origine.<\/p>\n<p>[\/et_pb_text][et_pb_heading title=\u00a0\u00bbLa technique avec c\u0153ur et raison \u2013 notre cl\u00e9 du succ\u00e8s\u00a0\u00bb _builder_version=\u00a0\u00bb4.27.0&Prime; _module_preset=\u00a0\u00bbdefault\u00a0\u00bb title_level=\u00a0\u00bbh2&Prime; custom_padding=\u00a0\u00bb20px||||false|false\u00a0\u00bb global_colors_info=\u00a0\u00bb{}\u00a0\u00bb theme_builder_area=\u00a0\u00bbpost_content\u00a0\u00bb][\/et_pb_heading][et_pb_text _builder_version=\u00a0\u00bb4.27.0&Prime; _module_preset=\u00a0\u00bb_initial\u00a0\u00bb text_orientation=\u00a0\u00bbleft\u00a0\u00bb global_colors_info=\u00a0\u00bb{%22gcid-1dd4c2ea-af8f-43c2-bae3-f5fb5c6d228b%22:%91%22text_text_color%22%93}\u00a0\u00bb theme_builder_area=\u00a0\u00bbpost_content\u00a0\u00bb]STV Electronic combine l&rsquo;expertise mat\u00e9riel et logiciel dans des domaines tels que la technique d&rsquo;entra\u00eenement, le Traitement de l&rsquo;image industrielle, les composants de bus de terrain Powerline\/ ainsi que les PC industriels et embarqu\u00e9s. Avec environ 30 employ\u00e9s \u2014 dont environ la moiti\u00e9 dans la recherche et le d\u00e9veloppement \u2014 nous r\u00e9unissons savoir-faire technique, cr\u00e9ativit\u00e9 et pragmatisme. <\/p>\n<p>Qu\u2019il s\u2019agisse de syst\u00e8mes complexes de Traitement de l&rsquo;image, d\u2019entra\u00eenements servo pr\u00e9cis ou de commandes programm\u00e9es individuellement, notre objectif est de fournir des solutions sur mesure pour les exigences industrielles. Et ce, d\u2019une seule main&nbsp;: de l\u2019id\u00e9e au Support apr\u00e8s-vente en passant par le d\u00e9veloppement et la fabrication.[\/et_pb_text][et_pb_heading title=\u00a0\u00bbClients, partenaires, personnes \u2013 ensemble, nous sommes forts\u00a0\u00bb _builder_version=\u00a0\u00bb4.27.0&Prime; _module_preset=\u00a0\u00bbdefault\u00a0\u00bb title_level=\u00a0\u00bbh2&Prime; custom_padding=\u00a0\u00bb20px||||false|false\u00a0\u00bb global_colors_info=\u00a0\u00bb{}\u00a0\u00bb theme_builder_area=\u00a0\u00bbpost_content\u00a0\u00bb][\/et_pb_heading][et_pb_text _builder_version=\u00a0\u00bb4.27.0&Prime; _module_preset=\u00a0\u00bb_initial\u00a0\u00bb text_orientation=\u00a0\u00bbleft\u00a0\u00bb global_colors_info=\u00a0\u00bb{%22gcid-1dd4c2ea-af8f-43c2-bae3-f5fb5c6d228b%22:%91%22text_text_color%22%93}\u00a0\u00bb theme_builder_area=\u00a0\u00bbpost_content\u00a0\u00bb]Ce qui a distingu\u00e9 STV Electronic d\u00e8s le d\u00e9but, ce n\u2019est pas seulement la comp\u00e9tence technique, mais une philosophie de partenariat. Nous accompagnons nos clients avec des conseils, de la transparence et la ferme volont\u00e9 de cr\u00e9er des solutions durables. <\/p>\n<p>En interne \u00e9galement, nous misons sur une \u00e9quipe familiale et engag\u00e9e qui soutient avec passion ce qu\u2019elle fait. Notre coh\u00e9sion et notre enthousiasme commun pour la technique sont le moteur de notre succ\u00e8s.[\/et_pb_text][et_pb_heading title=\u00a0\u00bbR\u00e9trospective\u2026 et perspective\u00a0\u00bb _builder_version=\u00a0\u00bb4.27.0&Prime; _module_preset=\u00a0\u00bbdefault\u00a0\u00bb title_level=\u00a0\u00bbh2&Prime; custom_padding=\u00a0\u00bb20px||||false|false\u00a0\u00bb global_colors_info=\u00a0\u00bb{}\u00a0\u00bb theme_builder_area=\u00a0\u00bbpost_content\u00a0\u00bb][\/et_pb_heading][et_pb_text _builder_version=\u00a0\u00bb4.27.0&Prime; _module_preset=\u00a0\u00bb_initial\u00a0\u00bb text_orientation=\u00a0\u00bbleft\u00a0\u00bb global_colors_info=\u00a0\u00bb{%22gcid-1dd4c2ea-af8f-43c2-bae3-f5fb5c6d228b%22:%91%22text_text_color%22%93}\u00a0\u00bb theme_builder_area=\u00a0\u00bbpost_content\u00a0\u00bb]<\/p>\n<p>30&nbsp;ans \u2013 cela signifie trois d\u00e9cennies pleines de d\u00e9fis, de croissance et de d\u00e9veloppement constant. Nous sommes fiers de c\u00e9l\u00e9brer cette \u00e9tape importante. Et en m\u00eame temps, il est clair que l\u2019immobilisme n\u2019est pas une option pour nous.  <\/p>\n<p>Avec le m\u00eame esprit pionnier qui nous animait en 1993, nous voulons continuer \u00e0 \u00e9tablir de nouvelles r\u00e9f\u00e9rences dans les ann\u00e9es \u00e0 venir. Pour des projets technologiquement exigeants. Pour des partenariats fiables. Pour des solutions durables sur lesquelles nos clients peuvent s\u2019appuyer.   <\/p>\n<p><strong>Merci \u00e0 tous \u2013 clients, partenaires et collaborateurs \u2013 qui ont parcouru ce chemin avec nous. \u00c0 la perspective des 30&nbsp;prochaines ann\u00e9es&nbsp;! <\/strong><\/p>\n<p>[\/et_pb_text][\/et_pb_column][\/et_pb_row][\/et_pb_section]<\/p>\n","protected":false},"excerpt":{"rendered":"<p>En 2023, STV est fi\u00e8re de c\u00e9l\u00e9brer 30 ans d&rsquo;histoire d&rsquo;entreprise r\u00e9ussie. Depuis notre cr\u00e9ation, nous nous sommes \u00e9tablis comme un partenaire fiable pour des solutions innovantes dans les domaines de l&rsquo;automatisation et de la domotique. Gr\u00e2ce \u00e0 notre \u00e9quipe engag\u00e9e et \u00e0 notre d\u00e9veloppement continu, nous sommes aujourd&rsquo;hui encore des pionniers dans le secteur. Nous remercions nos clients, partenaires et collaborateurs pour leur confiance et notre r\u00e9ussite commune \u2013 \u00e0 la prochaine d\u00e9cennie passionnante&nbsp;!   <\/p>\n","protected":false},"featured_media":1670,"parent":0,"template":"","meta":{"_acf_changed":false,"_et_pb_use_builder":"on","_et_pb_old_content":"","_et_gb_content_width":""},"news-category":[19,20],"class_list":["post-1669","news","type-news","status-publish","has-post-thumbnail","hentry","news-category-datenblatt","news-category-installationsanleitung"],"acf":[],"_links":{"self":[{"href":"https:\/\/www.stv-electronic.de\/fr\/wp-json\/wp\/v2\/news\/1669","targetHints":{"allow":["GET"]}}],"collection":[{"href":"https:\/\/www.stv-electronic.de\/fr\/wp-json\/wp\/v2\/news"}],"about":[{"href":"https:\/\/www.stv-electronic.de\/fr\/wp-json\/wp\/v2\/types\/news"}],"wp:featuredmedia":[{"embeddable":true,"href":"https:\/\/www.stv-electronic.de\/fr\/wp-json\/wp\/v2\/media\/1670"}],"wp:attachment":[{"href":"https:\/\/www.stv-electronic.de\/fr\/wp-json\/wp\/v2\/media?parent=1669"}],"wp:term":[{"taxonomy":"news-category","embeddable":true,"href":"https:\/\/www.stv-electronic.de\/fr\/wp-json\/wp\/v2\/news-category?post=1669"}],"curies":[{"name":"wp","href":"https:\/\/api.w.org\/{rel}","templated":true}]}}